{"id":30452,"date":"2021-05-21T18:24:07","date_gmt":"2021-05-21T16:24:07","guid":{"rendered":"https:\/\/madeinmontenegro.com\/?p=30452"},"modified":"2021-05-21T18:24:08","modified_gmt":"2021-05-21T16:24:08","slug":"dukic-na-olimpijskim-igrama-u-tokiju","status":"publish","type":"post","link":"https:\/\/madeinmontenegro.com\/?p=30452","title":{"rendered":"Duki\u0107 na Olimpijskim igrama u Tokiju"},"content":{"rendered":"\n<p>Crnogorski jedrili\u010dar Milivoj Duki\u0107 takmi\u010di\u0107e se na Olimpijskim igrama u Tokiju, saop\u0161teno je iz Crnogorskog olimpijskog komiteta.<\/p>\n\n\n\n<p>Foto: COK Arhiva Foto: COK Arhiva<br>Navodi se da je Duki\u0107 dobio specijalnu pozivnicu (vajl kard) od tripartitne komisije Svjetske jedrili\u010darske federacije i Me\u0111unarodnog olimpijskog komiteta(MOK).<\/p>\n\n\n\n<p>Bi\u0107e to njegove tre\u0107e olimpijske igre, nakon \u0161to se nadmetao i u Londonu i Rio de \u017daneiru.<\/p>\n\n\n\n<p>\u201cDuki\u0107 je zaslu\u017eio pozivnicu zbog rezultata koje je imao prethodnih godina, iako u skra\u0107enom kalendaru takmi\u010denja nije uspio da izbori olimpijski vizu. Svjetska jedrili\u010darska federacija i MOK imali su u vidu i to \u0161to je Duki\u0107 u\u010destvovao na Igrama u Londonu 2012. i Rio de \u017daneiru 2016. U Londonu je zauzeo 30, a u Riju 29. mjesto u disciplini laser\u201d, saop\u0161teno je iz COK.<\/p>\n\n\n\n<p>Takmi\u010denja u jedrenju na Olimpijskim igrama bi\u0107e odr\u017eana od 25. jula do 4. avgusta, na ostrvu Eno\u0161ima.<\/p>\n\n\n\n<p>Duki\u0107 se u olimpijskom timu priklju\u010dio vaterpolistima i rukometa\u0161icama, koje su ranije obezbijedili nastup u Tokiju.<\/p>\n\n\n\n<p>Blizu olimpijske vize su i teniserka Danka Kovini\u0107 i atleti\u010dar Danijel Furtula.<\/p>\n\n\n\n<p>&#8220;O\u010dekujemo jo\u0161 sportista za u\u010de\u0161\u0107e na OI, koji \u0107e popuniti ve\u0107 na\u0161 prili\u010dno brojan olipijski tim&#8221;, saopteno je iz COK.<\/p>\n","protected":false},"excerpt":{"rendered":"<p>Crnogorski jedrili\u010dar Milivoj Duki\u0107 takmi\u010di\u0107e se na Olimpijskim igrama u Tokiju, saop\u0161teno je iz Crnogorskog olimpijskog komiteta. Foto: COK Arhiva Foto: COK ArhivaNavodi se da je Duki\u0107 dobio specijalnu pozivnicu (vajl kard) od tripartitne komisije Svjetske jedrili\u010darske federacije i Me\u0111unarodnog olimpijskog komiteta(MOK). Bi\u0107e to njegove tre\u0107e olimpijske igre, nakon \u0161to se nadmetao i u Londonu [&hellip;]<\/p>\n","protected":false},"author":1,"featured_media":30453,"comment_status":"closed","ping_status":"closed","sticky":false,"template":"","format":"standard","meta":{"ngg_post_thumbnail":0,"spay_email":"","jetpack_publicize_message":"","jetpack_is_tweetstorm":false},"categories":[2,21],"tags":[],"jetpack_featured_media_url":"https:\/\/madeinmontenegro.com\/wp-content\/uploads\/2021\/05\/Milivoj-Dukic-2.jpg","jetpack_publicize_connections":[],"jetpack_sharing_enabled":true,"jetpack_shortlink":"https:\/\/wp.me\/p7QVfu-7Va","_links":{"self":[{"href":"https:\/\/madeinmontenegro.com\/index.php?rest_route=\/wp\/v2\/posts\/30452"}],"collection":[{"href":"https:\/\/madeinmontenegro.com\/index.php?rest_route=\/wp\/v2\/posts"}],"about":[{"href":"https:\/\/madeinmontenegro.com\/index.php?rest_route=\/wp\/v2\/types\/post"}],"author":[{"embeddable":true,"href":"https:\/\/madeinmontenegro.com\/index.php?rest_route=\/wp\/v2\/users\/1"}],"replies":[{"embeddable":true,"href":"https:\/\/madeinmontenegro.com\/index.php?rest_route=%2Fwp%2Fv2%2Fcomments&post=30452"}],"version-history":[{"count":1,"href":"https:\/\/madeinmontenegro.com\/index.php?rest_route=\/wp\/v2\/posts\/30452\/revisions"}],"predecessor-version":[{"id":30454,"href":"https:\/\/madeinmontenegro.com\/index.php?rest_route=\/wp\/v2\/posts\/30452\/revisions\/30454"}],"wp:featuredmedia":[{"embeddable":true,"href":"https:\/\/madeinmontenegro.com\/index.php?rest_route=\/wp\/v2\/media\/30453"}],"wp:attachment":[{"href":"https:\/\/madeinmontenegro.com\/index.php?rest_route=%2Fwp%2Fv2%2Fmedia&parent=30452"}],"wp:term":[{"taxonomy":"category","embeddable":true,"href":"https:\/\/madeinmontenegro.com\/index.php?rest_route=%2Fwp%2Fv2%2Fcategories&post=30452"},{"taxonomy":"post_tag","embeddable":true,"href":"https:\/\/madeinmontenegro.com\/index.php?rest_route=%2Fwp%2Fv2%2Ftags&post=30452"}],"curies":[{"name":"wp","href":"https:\/\/api.w.org\/{rel}","templated":true}]}}