{"id":30455,"date":"2021-05-22T18:30:00","date_gmt":"2021-05-22T16:30:00","guid":{"rendered":"https:\/\/madeinmontenegro.com\/?p=30455"},"modified":"2021-05-21T18:32:23","modified_gmt":"2021-05-21T16:32:23","slug":"zavrsena-izgradnja-jugozapadne-obilaznice","status":"publish","type":"post","link":"https:\/\/madeinmontenegro.com\/?p=30455","title":{"rendered":"Zavr\u0161ena izgradnja Jugozapadne obilaznice"},"content":{"rendered":"\n<p>Gradona\u010delnik Podgorice Ivan Vukovi\u0107 sa saradnicoma u prisustvu delegacija gradova Skoplja i Sarajeva, kao i gradona\u010delnika Prijestonice Cetinje, predsjednika Op\u0161tine Bar, danas je obi\u0161ao zavr\u0161ene radove na izgradnji Jugozapadne obilaznice &#8211; najvrednijeg projekta u oblasti putne infrastrukture u protekloj deceniji. Jugozapadna obilaznica, kako je kazao Vukovi\u0107, bi\u0107e u punoj funkciji za dva do dva i po mjeseca.<\/p>\n\n\n\n<p>Foto: Glavni grad Podgorica Foto: Glavni grad Podgorica<br>Tim povodom gradona\u010delnik je saop\u0161tio da Glavni grad 21.maj obilje\u017eava brojnim sve\u010danim aktivnostima, te da je sino\u0107 otvorena Kuslevova ku\u0107a, jutros polo\u017een kamen temeljac za izgradnju nove \u0161kole u Tolo\u0161ima i da je kruna ovogodi\u0161njeg programa zavr\u0161etak radova na izgradnji Jugozapadne obilaznice i novog mosta na Mora\u010di.<\/p>\n\n\n\n<p>\u201cU pitanju je najzna\u010dajniji objekat iz oblasti putne infrastrukture koji je realizovan na teritoriji glavnog grada u proteklih desetak godina, vrijedan preko 15 miliona eura, koji je Glavni grad finansirao u cjelini. Jugozapadna obilaznica ima vi\u0161estruki zna\u010daj, ne samo za Podgoricu, nego i za Crnu Goru kao dio budu\u0107eg prstena oko glavnog grada\u201d, istakao je Vukovi\u0107.<\/p>\n\n\n\n<p>On je iskazao uvjerenje da \u0107e u narednom periodu graditi i bulevar od Donje Gorice do Gornje Gorice, odnosno Komanskog mosta.<\/p>\n\n\n\n<p>\u201cNa taj na\u010din kad bude zavr\u0161en bulevar od Danilovgrada do Podgorice mi imamo potpuno zaokru\u017eenu cjelinu. Ovaj bulevar je va\u017ean ne samo za glavni grad, nego i za na\u0161e prijatelje na Cetinju i za ljude koji \u017eive na primorju, skra\u0107uje put do me\u0111unarodnog aerodroma u Golubovcima, tako da smo veoma ponosni na to \u0161to dajemo doprinos ne samo razvoju grada nego i dr\u017eave u cjelini\u201d, naglasio je Vukovi\u0107 i dodao da je se u narednom periodu potrebno izvr\u0161iti test optere\u0107enja.<\/p>\n\n\n\n<p>\u201cTo je prosto standardna procedura i nakon toga mora\u0107emo da izmjestimo jedan dio dalekovoda, koji se nalaze u neposrednoj blizini mosta. Mi smo se nadali da \u0107e saobra\u0107aj mo\u0107i biti pu\u0161ten prije toga, me\u0111utim ljudi iz CGES-a su nas upozorili na potencijalne rizike tako da \u0107emo mo\u0107i da ka\u017eemo da jugozapadna obilaznica u punoj funkciji za nekih dva, dva i po mjeseca, to je moje o\u010dekivanje. U svakom slu\u010daju ovo je jedan veliki dan za Glavni grad i kazao bih za Crnu Goru i mislim da dostojno obilje\u017eamo Dan nezavisnosti\u201d, zaklju\u010dio je Vukovi\u0107.<\/p>\n\n\n\n<p>Zamjenik gradona\u010delnika \u010caslav Ve\u0161ovi\u0107 izrazio je posebno zadovoljstvo zbog realizacije jednog od najzna\u010dajnijih projekata za Podgoricu i Crnu Goru.<\/p>\n\n\n\n<p>\u201eZajedni\u010dki imenitelj i simbolika zavr\u0161etka ovako va\u017enog projekta na dan kada je Crna Gora obnovila svoju nezavisnost, po\u010diva na trajanju i bezvremenosti, jer najbolje \u0161to smo gradili decenijama ostavljamo sa ponosom generacijama koje \u0107e dolaziti dugo nakon nas. Jugozapadna obilaznica, duga preko 3,5 kilometra, vrijedna 15,5 miliona eura, je kapitalni projekat kojim je Podgorica dobila vi\u0161estruko modernu saobra\u0107ajnicu, povezuju\u0107i magistralne puteve ka Petrovcu i Cetinju, \u010dime \u0107e rasteretiti gradsko jezgro od tranzitnog saobra\u0107aja, a turisti\u010dki potencijal i pristupa\u010dnost podi\u0107i na jo\u0161 vi\u0161i nivo, dok \u0107e okolni prostor u\u010diniti atraktivnijim i za razvoj privredne djelatnosti\u201d, istakao je Ve\u0161ovi\u0107.<\/p>\n\n\n\n<p>Foto: Glavni grad Podgorica Foto: Glavni grad Podgorica<br>On je naglasio da \u0107e ovaj most postati simbol na\u0161eg grada.<\/p>\n\n\n\n<p>\u201cUnikatnost iluminacije, naro\u010dito na vrhu mosta, upotrebom savremenih tehnologija, \u010dini da senzacionalna svjetlost obasjava Mora\u010du \u2013 prenose\u0107i njenim tokom crnogorsku lu\u010du od sjevera pa sve do mora. Zato je Lu\u010da najdostojnije ime koje mo\u017ee nositi ovaj most, kao znak i svjetionik slobodarske pro\u0161losti i neugasivi plamen vje\u010dnosti nad ovim najljep\u0161im komadom zemlje\u201d, kazao je Ve\u0161ovi\u0107.<\/p>\n\n\n\n<p>On je kazao da je ta kapitalna investicija zavr\u0161ena uprkos svim pandemijskim i drugim izazovima i to na najljep\u0161i dan.<\/p>\n\n\n\n<p>Ve\u0161ovi\u0107 je podsjetio da su mostovi oduvijek privla\u010dili pa\u017enju, prvenstveno svojim izgledom i \u010dinjenicom da uspijevaju da spoje obale neukrotivih rijeka \u201eKada se razdvojene strane pove\u017eu, stvorene veze nijesu lako raskidive.<\/p>\n\n\n\n<p>&#8220;Pokazali smo da smo zemlja koja umije da sa\u010duva stabilnost i u najte\u017eim vremenima. Pa i danas, iako ovda\u0161nje dru\u0161tvo li\u010di na dvije razu\u0111ene obale, od kojih se ne raduje svaka gradnji mostova, koji nas povezuju i vode u svijet, mi \u0107emo nastaviti da ih gradimo i otvoreno pru\u017eamo ruku svakome ko \u0107e na isti na\u010din voljeti I \u010duvati svaki pedalj crnogorske, demokratske i gra\u0111anske zemlje\u201d, zaklju\u010dio je Ve\u0161ovi\u0107.<\/p>\n\n\n\n<p>On je iskazao veliku zahvalnost kompaniji Bemax koja je i u ovom poslu opravdala reputaciju kvaliteta, vrhunske stru\u010dnosti i lojalne predanosti, kompaniji Crnagoraput, koja je kroz konzorcijum sa Bemaxom izvodila radove na mostu, kao i svim kompanijama i pojedincima koji su u\u010destvovali u projektovanju i revidovanju neophodne dokumentacije i nadzoru.<\/p>\n\n\n\n<p><\/p>\n","protected":false},"excerpt":{"rendered":"<p>Gradona\u010delnik Podgorice Ivan Vukovi\u0107 sa saradnicoma u prisustvu delegacija gradova Skoplja i Sarajeva, kao i gradona\u010delnika Prijestonice Cetinje, predsjednika Op\u0161tine Bar, danas je obi\u0161ao zavr\u0161ene radove na izgradnji Jugozapadne obilaznice &#8211; najvrednijeg projekta u oblasti putne infrastrukture u protekloj deceniji. Jugozapadna obilaznica, kako je kazao Vukovi\u0107, bi\u0107e u punoj funkciji za dva do dva i [&hellip;]<\/p>\n","protected":false},"author":1,"featured_media":30458,"comment_status":"closed","ping_status":"closed","sticky":false,"template":"","format":"standard","meta":{"ngg_post_thumbnail":0,"spay_email":"","jetpack_publicize_message":"","jetpack_is_tweetstorm":false},"categories":[35,2],"tags":[],"jetpack_featured_media_url":"https:\/\/madeinmontenegro.com\/wp-content\/uploads\/2021\/05\/9665e359-3836-46d9-9202-2a1bf514d248-1.jpeg","jetpack_publicize_connections":[],"jetpack_sharing_enabled":true,"jetpack_shortlink":"https:\/\/wp.me\/p7QVfu-7Vd","_links":{"self":[{"href":"https:\/\/madeinmontenegro.com\/index.php?rest_route=\/wp\/v2\/posts\/30455"}],"collection":[{"href":"https:\/\/madeinmontenegro.com\/index.php?rest_route=\/wp\/v2\/posts"}],"about":[{"href":"https:\/\/madeinmontenegro.com\/index.php?rest_route=\/wp\/v2\/types\/post"}],"author":[{"embeddable":true,"href":"https:\/\/madeinmontenegro.com\/index.php?rest_route=\/wp\/v2\/users\/1"}],"replies":[{"embeddable":true,"href":"https:\/\/madeinmontenegro.com\/index.php?rest_route=%2Fwp%2Fv2%2Fcomments&post=30455"}],"version-history":[{"count":1,"href":"https:\/\/madeinmontenegro.com\/index.php?rest_route=\/wp\/v2\/posts\/30455\/revisions"}],"predecessor-version":[{"id":30459,"href":"https:\/\/madeinmontenegro.com\/index.php?rest_route=\/wp\/v2\/posts\/30455\/revisions\/30459"}],"wp:featuredmedia":[{"embeddable":true,"href":"https:\/\/madeinmontenegro.com\/index.php?rest_route=\/wp\/v2\/media\/30458"}],"wp:attachment":[{"href":"https:\/\/madeinmontenegro.com\/index.php?rest_route=%2Fwp%2Fv2%2Fmedia&parent=30455"}],"wp:term":[{"taxonomy":"category","embeddable":true,"href":"https:\/\/madeinmontenegro.com\/index.php?rest_route=%2Fwp%2Fv2%2Fcategories&post=30455"},{"taxonomy":"post_tag","embeddable":true,"href":"https:\/\/madeinmontenegro.com\/index.php?rest_route=%2Fwp%2Fv2%2Ftags&post=30455"}],"curies":[{"name":"wp","href":"https:\/\/api.w.org\/{rel}","templated":true}]}}