{"id":80611,"date":"2026-09-02T07:00:20","date_gmt":"2026-09-02T05:00:20","guid":{"rendered":"https:\/\/madeinmontenegro.com\/?p=80611"},"modified":"2026-08-31T10:01:29","modified_gmt":"2026-08-31T08:01:29","slug":"obican-malecki-san-izlozba-milutina-obradovica-u-galeriji-centra-za-kulturu-prijestonice-cetinje","status":"publish","type":"post","link":"https:\/\/madeinmontenegro.com\/?p=80611","title":{"rendered":"\u201cObi\u010dan malecki san\u201c \u2013 izlo\u017eba Milutina Obradovi\u0107a u Galeriji Centra za kulturu Prijestonice Cetinje"},"content":{"rendered":"<p>U Galeriji Centra za kulturu Prijestonice Cetinje, 3. septembra u 20 \u010dasova, bi\u0107e otvorena izlo\u017eba akademskog slikara&nbsp;<strong>Milutina Obradovi\u0107a<\/strong>&nbsp;pod nazivom \u201eObi\u010dan malecki san\u201c.<\/p>\n<div class=\"code-block code-block-8\">&nbsp;<\/div>\n<p>Izlo\u017eba predstavlja nastavak istoimenog ciklusa, koji je Obradovi\u0107 prethodnih godina predstavio u zna\u010dajnim galerijskim i muzejskim prostorima u Crnoj Gori i regionu, me\u0111u kojima su Muzeji i galerije Tivat, Galerija Crnogorske kinoteke u Podgorici, Narodni muzej Republike Srpske u Banjoj Luci, Galerija \u201eLaza Kosti\u0107\u201c u Somboru, Velika galerija Doma Vojske u Beogradu, Paviljon \u201eCvijeta Zuzori\u0107\u201c u Beogradu, kao i galerije u Sarajevu, Ljubljani, Kotoru, Budvi, Novom Sadu i drugim gradovima.<\/p>\n<p>Postavku na Cetinju \u010dini 25 radova, nastalih u periodu od 2020. do 2025. godine, u tehnici ulja na platnu. Radovi obuhvataju motive konja, portrete i razli\u010dite oblike figuracije, kroz koje umjetnik istra\u017euje odnos figure, boje i kompozicije.<\/p>\n<p>Cetinjska postavka predstavlja presjek novijeg stvarala\u0161tva Milutina Obradovi\u0107a i priliku da publika sagleda radove nastale tokom posljednjih nekoliko godina, u kojima se ogleda njegova prepoznatljiva slikarska poetika.<\/p>\n<p>Izlo\u017ebu \u0107e otvoriti glumac Crnogorskog narodnog pozori\u0161ta,&nbsp;<strong>Slobodan Marunovi\u0107.<\/strong><\/p>\n<div class=\"code-block code-block-13\">&nbsp;<\/div>\n<p>Milutin Obradovi\u0107 ro\u0111en je u Bijelom Polju, gdje je zavr\u0161io osnovnu \u0161kolu, dok je Srednju likovnu \u0161kolu \u201ePetar Lubarda\u201c i Fakultet likovnih umjetnosti zavr\u0161io na Cetinju. Diplomirao je 2002. godine u klasi profesora&nbsp;<strong>Smaila Karaila,<\/strong>&nbsp;stekav\u0161i zvanje diplomiranog akademskog slikara. \u017divi i radi u Bijelom Polju i Podgorici.<\/p>\n<p>Tokom vi\u0161edecenijskog umjetni\u010dkog djelovanja, Obradovi\u0107 je realizovao brojne samostalne i kolektivne izlo\u017ebe u Crnoj Gori, regionu i inostranstvu.<\/p>\n<p>Njegovi radovi predstavljeni su u Beogradu, Sarajevu, Ljubljani, Rimu, Milanu i Parizu, uklju\u010duju\u0107i i video-izlo\u017ebu u Luvru. Dobitnik je presti\u017ene evropske nagrade za slikarstvo \u201eMichelangelo Caravaggio\u201c, koja mu je dodijeljena u Rimu 2017. godine.<\/p>\n<p>Izlo\u017eba \u0107e biti otvorena 3. septembra u 20 \u010dasova u Galeriji Centra za kulturu Prijestonice Cetinje.<\/p>\n<p>&nbsp;<\/p>\n<p>Izvor: CdM<\/p>\n","protected":false},"excerpt":{"rendered":"<p>U Galeriji Centra za kulturu Prijestonice Cetinje, 3. septembra u 20 \u010dasova, bi\u0107e otvorena izlo\u017eba akademskog slikara&nbsp;Milutina Obradovi\u0107a&nbsp;pod nazivom \u201eObi\u010dan malecki san\u201c. &nbsp; Izlo\u017eba predstavlja nastavak istoimenog ciklusa, koji je Obradovi\u0107 prethodnih godina predstavio u zna\u010dajnim galerijskim i muzejskim prostorima u Crnoj Gori i regionu, me\u0111u kojima su Muzeji i galerije Tivat, Galerija Crnogorske kinoteke [&hellip;]<\/p>\n","protected":false},"author":6,"featured_media":80612,"comment_status":"closed","ping_status":"closed","sticky":false,"template":"","format":"standard","meta":{"ngg_post_thumbnail":0,"spay_email":"","jetpack_publicize_message":"","jetpack_is_tweetstorm":false},"categories":[2,36],"tags":[],"jetpack_featured_media_url":"https:\/\/madeinmontenegro.com\/wp-content\/uploads\/2026\/08\/Istagam-OBICAN-MALECKI-SAN-800x555-1.jpg","jetpack_publicize_connections":[],"jetpack_sharing_enabled":true,"jetpack_shortlink":"https:\/\/wp.me\/p7QVfu-kYb","_links":{"self":[{"href":"https:\/\/madeinmontenegro.com\/index.php?rest_route=\/wp\/v2\/posts\/80611"}],"collection":[{"href":"https:\/\/madeinmontenegro.com\/index.php?rest_route=\/wp\/v2\/posts"}],"about":[{"href":"https:\/\/madeinmontenegro.com\/index.php?rest_route=\/wp\/v2\/types\/post"}],"author":[{"embeddable":true,"href":"https:\/\/madeinmontenegro.com\/index.php?rest_route=\/wp\/v2\/users\/6"}],"replies":[{"embeddable":true,"href":"https:\/\/madeinmontenegro.com\/index.php?rest_route=%2Fwp%2Fv2%2Fcomments&post=80611"}],"version-history":[{"count":1,"href":"https:\/\/madeinmontenegro.com\/index.php?rest_route=\/wp\/v2\/posts\/80611\/revisions"}],"predecessor-version":[{"id":80613,"href":"https:\/\/madeinmontenegro.com\/index.php?rest_route=\/wp\/v2\/posts\/80611\/revisions\/80613"}],"wp:featuredmedia":[{"embeddable":true,"href":"https:\/\/madeinmontenegro.com\/index.php?rest_route=\/wp\/v2\/media\/80612"}],"wp:attachment":[{"href":"https:\/\/madeinmontenegro.com\/index.php?rest_route=%2Fwp%2Fv2%2Fmedia&parent=80611"}],"wp:term":[{"taxonomy":"category","embeddable":true,"href":"https:\/\/madeinmontenegro.com\/index.php?rest_route=%2Fwp%2Fv2%2Fcategories&post=80611"},{"taxonomy":"post_tag","embeddable":true,"href":"https:\/\/madeinmontenegro.com\/index.php?rest_route=%2Fwp%2Fv2%2Ftags&post=80611"}],"curies":[{"name":"wp","href":"https:\/\/api.w.org\/{rel}","templated":true}]}}